{"id":9766,"__str__":"Parecer CLJRF/CMM n\u00ba 53 de 2023","link_detail_backend":"/materia/9766","metadata":{},"numero":53,"ano":2023,"numero_protocolo":null,"data_apresentacao":"2023-03-17","tipo_apresentacao":"E","data_publicacao":null,"numero_origem_externa":"","ano_origem_externa":null,"data_origem_externa":null,"apelido":"","dias_prazo":null,"data_fim_prazo":null,"em_tramitacao":false,"polemica":false,"objeto":"","complementar":false,"ementa":"Da Comiss\u00e3o de Legisla\u00e7\u00e3o, Justi\u00e7a e Reda\u00e7\u00e3o Final da C\u00e2mara Municipal de Manacapuru, ao PROJETO DE LEI MUNICIPAL N\u00ba 043/2023, do Vereador J\u00fanior de Paula, \u201cInstitui a Semana da Cidadania na Rede de Ensino no Munic\u00edpio de Manacapuru\u201d.","indexacao":"","observacao":"","resultado":"","texto_original":"http://sapl.manacapuru.am.leg.br/media/sapl/public/materialegislativa/2023/9766/parecer_no_053-projeto_de_lei_municipal_no_043-de_paula.pdf","data_ultima_atualizacao":"2023-03-17T13:46:43.640027-03:00","ip":"45.236.243.90","ultima_edicao":"2023-03-17T13:45:49.692398-03:00","tipo":11,"regime_tramitacao":1,"tipo_origem_externa":null,"local_origem_externa":null,"user":7,"anexadas":[9526],"autores":[18]}