{"id":9529,"__str__":"Parecer CLJRF/CMM n\u00ba 39 de 2023","link_detail_backend":"/materia/9529","metadata":{},"numero":39,"ano":2023,"numero_protocolo":null,"data_apresentacao":"2023-03-07","tipo_apresentacao":"E","data_publicacao":null,"numero_origem_externa":"","ano_origem_externa":null,"data_origem_externa":null,"apelido":"","dias_prazo":null,"data_fim_prazo":null,"em_tramitacao":false,"polemica":false,"objeto":"","complementar":false,"ementa":"Da Comiss\u00e3o de Legisla\u00e7\u00e3o, Justi\u00e7a e Reda\u00e7\u00e3o Final da C\u00e2mara Municipal de Manacapuru, ao Veto Total ao Projeto de Lei n\u00ba 162, de 04 de Novembro de 2022, do Gabinete do Prefeito, ao Projeto de Lei n\u00ba 162, de 04 de Novembro de 2022 que \"Autoriza o Poder Executivo a instituir um per\u00edodo entre os meses de agosto a novembro a sa\u00fade oftalmol\u00f3gica nas escolas do ensino fundamental, no munic\u00edpio de Manacapuru\".","indexacao":"","observacao":"","resultado":"","texto_original":"http://sapl.manacapuru.am.leg.br/media/sapl/public/materialegislativa/2023/9529/parecer_no_039-veto_total_ao_projeto_de_lei_no_162.pdf","data_ultima_atualizacao":"2023-03-08T13:26:07.121049-03:00","ip":"45.236.243.90","ultima_edicao":"2023-03-08T13:22:54.249315-03:00","tipo":11,"regime_tramitacao":1,"tipo_origem_externa":null,"local_origem_externa":null,"user":7,"anexadas":[9018],"autores":[18]}