{"id":9138,"__str__":"Indica\u00e7\u00e3o Legislativa n\u00ba 75 de 2023","link_detail_backend":"/materia/9138","metadata":{},"numero":75,"ano":2023,"numero_protocolo":null,"data_apresentacao":"2023-02-27","tipo_apresentacao":"E","data_publicacao":null,"numero_origem_externa":"","ano_origem_externa":null,"data_origem_externa":null,"apelido":"","dias_prazo":null,"data_fim_prazo":null,"em_tramitacao":false,"polemica":false,"objeto":"","complementar":false,"ementa":"REQUER NA FORMA REGIMENTAL, QUE O PRESENTE EXPEDIENTE SEJA ENCAMINHADO AO EXCELENT\u00cdSSIMO SENHOR PREFEITO MUNICIPAL DE MANACAPURU \u2013 BETANAEL DA SILVA D \u00c2NGELO, COM C\u00d3PIA AO SENHOR GERENTE DA AMAZONAS ENERGIA DE MANACAPURU \u2013 BRUNO REINERT DE ABREU, SOLICITANDO INSTALA\u00c7\u00c3O DE MEDIDOR DE ENERGIA NA ESCOLA DOM PEDRO NA ILHA DO MARRE\u00c7\u00c3O.","indexacao":"","observacao":"","resultado":"","texto_original":"http://sapl.manacapuru.am.leg.br/media/sapl/public/materialegislativa/2023/9138/075-2023-leo-medidor_de_energia_marrecao.pdf","data_ultima_atualizacao":"2023-02-27T13:13:30.518586-03:00","ip":"45.236.243.90","ultima_edicao":"2023-02-27T13:12:52.148953-03:00","tipo":8,"regime_tramitacao":1,"tipo_origem_externa":null,"local_origem_externa":null,"user":7,"anexadas":[],"autores":[8]}