{"id":9051,"__str__":"Requerimento Legislativo n\u00ba 355 de 2023","link_detail_backend":"/materia/9051","metadata":{},"numero":355,"ano":2023,"numero_protocolo":null,"data_apresentacao":"2023-02-23","tipo_apresentacao":"E","data_publicacao":null,"numero_origem_externa":"","ano_origem_externa":null,"data_origem_externa":null,"apelido":"","dias_prazo":null,"data_fim_prazo":null,"em_tramitacao":false,"polemica":false,"objeto":"","complementar":false,"ementa":"REQUER NA FORMA REGIMENTAL, QUE O PRESENTE EXPEDIENTE SEJA ENCAMINHADO AO EXCELENT\u00cdSSIMO SENHOR PREFEITO MUNICIPAL DE MANACAPURU \u2013 BETANAEL DA SILVA D\u2019\u00c2NGELO, COM C\u00d3PIA AO ILUSTR\u00cdSSIMO SENHOR SECRET\u00c1RIO DE EDUCA\u00c7\u00c3O \u2013 RAIMUNDO FERREIRA CONDE, AO SECRET\u00c1RIO DE OBRAS E SERVI\u00c7OS P\u00daBLICOS-PAULO ONETY DE SOUZA FILHO, SOLICITANDO REFORMA DA EMEF PROF\u00aa. FRANCISCA MAFRA DE CARVALHO, BAIRRO MORADA DO SOL.","indexacao":"","observacao":"","resultado":"","texto_original":"http://sapl.manacapuru.am.leg.br/media/sapl/public/materialegislativa/2023/9051/355-2023-sassa-_reforma_emef_fca_mafra.pdf","data_ultima_atualizacao":"2023-02-24T11:29:59.092862-03:00","ip":"45.236.243.90","ultima_edicao":"2023-02-24T11:28:19.885250-03:00","tipo":3,"regime_tramitacao":1,"tipo_origem_externa":null,"local_origem_externa":null,"user":7,"anexadas":[],"autores":[4]}