{"id":9016,"__str__":"Requerimento Legislativo n\u00ba 321 de 2023","link_detail_backend":"/materia/9016","metadata":{},"numero":321,"ano":2023,"numero_protocolo":null,"data_apresentacao":"2023-02-17","tipo_apresentacao":"E","data_publicacao":null,"numero_origem_externa":"","ano_origem_externa":null,"data_origem_externa":null,"apelido":"","dias_prazo":null,"data_fim_prazo":null,"em_tramitacao":false,"polemica":false,"objeto":"","complementar":false,"ementa":"REQUER QUE O PRESENTE EXPEDIENTE SEJA ENCAMINHADO AO EXCELENT\u00cdSSIMO SENHOR PREFEITO MUNICIPAL DE MANACAPURU \u2013 BETANAEL DA SILVA D\u2019\u00c2NGELO, COM C\u00d3PIA AO SECRET\u00c1RIO DA SEMOSP DE MANACAPURU PAULO ONETH DE SOUZA FILHO, SOLICITANDO A CONSTRU\u00c7\u00c3O DE UMA CAL\u00c7ADA NA RUA VALE DA BEN\u00c7\u00c3O, LOCALIZADO NO BAIRRO VALE VERDE- MANACAPURU.","indexacao":"","observacao":"","resultado":"","texto_original":"http://sapl.manacapuru.am.leg.br/media/sapl/public/materialegislativa/2023/9016/321-2023-sergio-calcada-rua_vale_da_bencao.pdf","data_ultima_atualizacao":"2023-02-23T09:19:40.758632-03:00","ip":"45.236.243.90","ultima_edicao":"2023-02-23T09:18:58.763474-03:00","tipo":3,"regime_tramitacao":1,"tipo_origem_externa":null,"local_origem_externa":null,"user":7,"anexadas":[],"autores":[15]}