{"id":8942,"__str__":"Projeto de Lei Ordin\u00e1ria Municipal n\u00ba 16 de 2023","link_detail_backend":"/materia/8942","metadata":{},"numero":16,"ano":2023,"numero_protocolo":null,"data_apresentacao":"2023-02-13","tipo_apresentacao":"E","data_publicacao":null,"numero_origem_externa":"","ano_origem_externa":null,"data_origem_externa":null,"apelido":"","dias_prazo":null,"data_fim_prazo":null,"em_tramitacao":false,"polemica":false,"objeto":"","complementar":false,"ementa":"Disp\u00f5e sobre a prioridade para a marca\u00e7\u00e3o de consultas dermatol\u00f3gicas e oftalmol\u00f3gicas para pessoas com acromatose (albinismo) no munic\u00edpio de \r\nManacapuru.","indexacao":"","observacao":"","resultado":"","texto_original":"http://sapl.manacapuru.am.leg.br/media/sapl/public/materialegislativa/2023/8942/016-tchuco_marcacao_de_consultas_dermatologicas_e_oftalmologicas_para_pessoas_com_acromatose_albinismo.pdf","data_ultima_atualizacao":"2023-02-14T09:40:15.799883-03:00","ip":"45.236.243.92","ultima_edicao":"2023-02-14T09:38:49.309882-03:00","tipo":1,"regime_tramitacao":1,"tipo_origem_externa":null,"local_origem_externa":null,"user":7,"anexadas":[],"autores":[10]}