{"id":8684,"__str__":"Requerimento Legislativo n\u00ba 77 de 2023","link_detail_backend":"/materia/8684","metadata":{},"numero":77,"ano":2023,"numero_protocolo":null,"data_apresentacao":"2023-02-02","tipo_apresentacao":"E","data_publicacao":null,"numero_origem_externa":"","ano_origem_externa":null,"data_origem_externa":null,"apelido":"","dias_prazo":null,"data_fim_prazo":null,"em_tramitacao":false,"polemica":false,"objeto":"","complementar":false,"ementa":"REQUER NA FORMA REGIMENTAL, QUE O PRESENTE EXPEDIENTE SEJA ENCAMINHADO AO EXCELENT\u00cdSSIMO SENHOR PREFEITO MUNICIPAL DE MANACAPURU \u2013 BETANAEL DA SILVA D`ANGELO, COM C\u00d3PIA AO SENHOR SECRET\u00c1RIO MUNICIPAL DE SA\u00daDE \u2013 RODRIGO F\u00c1BIO BALBI SARAIVA. SOLICITANDO, CADEIRA ODONTOTOL\u00d3GICA PORT\u00c1TIL PARA A\u00c7\u00d5ES DE SA\u00daDE.","indexacao":"","observacao":"","resultado":"","texto_original":"http://sapl.manacapuru.am.leg.br/media/sapl/public/materialegislativa/2023/8684/077-2023-leo-cadeira_portatil.pdf","data_ultima_atualizacao":"2023-02-03T14:39:01.879200-03:00","ip":"45.236.243.92","ultima_edicao":"2023-02-03T14:38:13.276023-03:00","tipo":3,"regime_tramitacao":1,"tipo_origem_externa":null,"local_origem_externa":null,"user":7,"anexadas":[],"autores":[8]}