{"id":8581,"__str__":"Indica\u00e7\u00e3o Legislativa n\u00ba 475 de 2022","link_detail_backend":"/materia/8581","metadata":{},"numero":475,"ano":2022,"numero_protocolo":null,"data_apresentacao":"2022-12-16","tipo_apresentacao":"E","data_publicacao":null,"numero_origem_externa":"","ano_origem_externa":null,"data_origem_externa":null,"apelido":"","dias_prazo":null,"data_fim_prazo":null,"em_tramitacao":false,"polemica":false,"objeto":"","complementar":false,"ementa":"REQUER NA FORMA REGIMENTAL, QUE O PRESENTE EXPEDIENTE SEJA ENCAMINHADO AO EXCELENT\u00cdSSIMO SENHOR GOVERNADOR DO ESTADO \u2013 WILSON LIMA, E A SECRET\u00c1RIA DE ESTADO DA EDUCA\u00c7\u00c3O (SEDUC) \u2013 MARIA JOSEPLA CHAVES, SUGERINDO TROCA DE AR CONDICIONADO COM DEFEITOS NA ESCOLA ESTADUAL JOS\u00c9 KALLIL ASSAF.","indexacao":"","observacao":"","resultado":"","texto_original":"http://sapl.manacapuru.am.leg.br/media/sapl/public/materialegislativa/2022/8581/475-2022-willace-ar_condicionado_kallil.pdf","data_ultima_atualizacao":"2022-12-16T10:25:17.184876-03:00","ip":"45.231.131.195","ultima_edicao":"2022-12-16T10:24:36.130325-03:00","tipo":8,"regime_tramitacao":1,"tipo_origem_externa":null,"local_origem_externa":null,"user":62,"anexadas":[],"autores":[162]}