{"id":7810,"__str__":"Indica\u00e7\u00e3o Legislativa n\u00ba 374 de 2022","link_detail_backend":"/materia/7810","metadata":{},"numero":374,"ano":2022,"numero_protocolo":null,"data_apresentacao":"2022-09-01","tipo_apresentacao":"E","data_publicacao":null,"numero_origem_externa":"","ano_origem_externa":null,"data_origem_externa":null,"apelido":"","dias_prazo":null,"data_fim_prazo":null,"em_tramitacao":false,"polemica":false,"objeto":"","complementar":false,"ementa":"REQUER QUE O PRESENTE EXPEDIENTE SEJA ENCAMINHADO AO EXCELENT\u00cdSSIMO SENHOR PREFEITO MUNICIPAL DE MANACAPURU \u2013 BETANAEL DA SILVA D\u00b4\u00c2NGELO E AO SECRET\u00c1RIO MUNICIPAL DE GOVERNO - SEGOV \u2013 PAULO DA SILVA TEIXEIRA, SUGERINDO: A CRIA\u00c7\u00c3O DA SECRETARIA MUNICIPAL DA PESSOA COM DEFICI\u00caNCIA E MOBILIDADE REDUZIDA.","indexacao":"","observacao":"","resultado":"","texto_original":"http://sapl.manacapuru.am.leg.br/media/sapl/public/materialegislativa/2022/7810/374-2022-pedro-criacao_secr_da_pessoa_com_deficiencia.pdf","data_ultima_atualizacao":"2022-09-01T11:55:07.594250-03:00","ip":"45.231.131.248","ultima_edicao":"2022-09-01T11:54:11.594700-03:00","tipo":8,"regime_tramitacao":1,"tipo_origem_externa":null,"local_origem_externa":null,"user":62,"anexadas":[],"autores":[14]}