{"id":7414,"__str__":"Parecer CLJRF/CMM n\u00ba 120 de 2022","link_detail_backend":"/materia/7414","metadata":{},"numero":120,"ano":2022,"numero_protocolo":null,"data_apresentacao":"2022-06-15","tipo_apresentacao":"","data_publicacao":null,"numero_origem_externa":"","ano_origem_externa":null,"data_origem_externa":null,"apelido":"","dias_prazo":null,"data_fim_prazo":null,"em_tramitacao":false,"polemica":false,"objeto":"","complementar":false,"ementa":"Parecer opinando pela CONSTITUCIONALIDADE e LEGALIDADE do Projeto de Lei Municipal N\u00b0 097/2022, do Vereador Wanderley Barroso, \u201cDisp\u00f5e sobre a cria\u00e7\u00e3o do Dia Municipal em Mem\u00f3ria \u00e0s V\u00edtimas da COVID-19 no \u00e2mbito do Munic\u00edpio de Manacapuru, e d\u00e1 outras provid\u00eancias\u201d.","indexacao":"","observacao":"","resultado":"","texto_original":"http://sapl.manacapuru.am.leg.br/media/sapl/public/materialegislativa/2022/7414/parecer_no_120-projeto_de_lei_n_097-wanderley.pdf","data_ultima_atualizacao":"2022-08-03T11:22:26.868611-03:00","ip":"45.231.131.250","ultima_edicao":"2022-08-03T11:20:28.874056-03:00","tipo":11,"regime_tramitacao":1,"tipo_origem_externa":null,"local_origem_externa":null,"user":62,"anexadas":[7081],"autores":[18]}