{"id":6779,"__str__":"Requerimento Legislativo n\u00ba 1134 de 2022","link_detail_backend":"/materia/6779","metadata":{},"numero":1134,"ano":2022,"numero_protocolo":null,"data_apresentacao":"2022-05-17","tipo_apresentacao":"E","data_publicacao":null,"numero_origem_externa":"","ano_origem_externa":null,"data_origem_externa":null,"apelido":"","dias_prazo":null,"data_fim_prazo":null,"em_tramitacao":false,"polemica":false,"objeto":"","complementar":false,"ementa":"REQUER NA FORMA REGIMENTAL, QUE O PRESENTE EXPEDIENTE SEJA ENCAMINHADO AO EXCELENT\u00cdSSIMO SENHOR PREFEITO MUNICIPAL DE MANACAPURU \u2013 BETANAEL DA SILVA D\u2019ANGELO, AO SECRET\u00c1RIO DE OBRAS E SERVI\u00c7OS P\u00daBLICOS \u2013 PAULO ONETY DE SOUZA FILHO E DIRETOR DO INSTITUTO MUNICIPAL DE ENGENHARIA, FISCALIZA\u00c7\u00c3O, SEGURAN\u00c7A E EDUCA\u00c7\u00c3O NO TR\u00c2NSITO E TRANSPORTE DE MANACAPURU IMTRANS \u2013 CLEITMAN RABELO COELHO, SOLICITANDO REMARCA\u00c7\u00c3O DE FAIXA DE PEDESTRE EM FRENTE DA ESCOLA ESTADUAL JOS\u00c9 SEFFAIR NO BAIRRO DA TERRA PRETA, NO MUNIC\u00cdPIO DE MANACAPURU-AM.","indexacao":"","observacao":"","resultado":"","texto_original":"http://sapl.manacapuru.am.leg.br/media/sapl/public/materialegislativa/2022/6779/1134-2022-mirian-remarcacao_de_faixa_de_pedestre_escola_jose_seffair_terra_preta.pdf","data_ultima_atualizacao":"2022-05-20T10:22:43.815621-03:00","ip":"45.231.131.252","ultima_edicao":"2022-05-20T10:21:52.878364-03:00","tipo":3,"regime_tramitacao":1,"tipo_origem_externa":null,"local_origem_externa":null,"user":7,"anexadas":[],"autores":[161]}