{"id":2566,"__str__":"Parecer CESASPF/CMM n\u00ba 11 de 2021","link_detail_backend":"/materia/2566","metadata":{},"numero":11,"ano":2021,"numero_protocolo":null,"data_apresentacao":"2021-04-06","tipo_apresentacao":"","data_publicacao":null,"numero_origem_externa":"","ano_origem_externa":null,"data_origem_externa":null,"apelido":"","dias_prazo":null,"data_fim_prazo":null,"em_tramitacao":false,"polemica":false,"objeto":"","complementar":false,"ementa":"Parecer pela continuidade de tramita\u00e7\u00e3o do Projeto de Lei Municipal N\u00ba 015/2021, do Vereador Tchuco Ben\u00edcio, \u201cInstitui, no \u00e2mbito do munic\u00edpio de Manacapuru, a rede de aten\u00e7\u00e3o \u00e0s pessoas com doen\u00e7as autoimunes dermatol\u00f3gicas\u201d.","indexacao":"","observacao":"","resultado":"","texto_original":"http://sapl.manacapuru.am.leg.br/media/sapl/public/materialegislativa/2021/2566/parecer_no_011-projeto_de_lei_municipal_no_015.pdf","data_ultima_atualizacao":"2021-04-28T13:01:11.340232-03:00","ip":"45.236.242.37","ultima_edicao":"2021-04-28T12:59:35.871776-03:00","tipo":17,"regime_tramitacao":1,"tipo_origem_externa":null,"local_origem_externa":null,"user":7,"anexadas":[1997],"autores":[21]}