{"id":2538,"__str__":"Parecer CLJRF/CMM n\u00ba 11 de 2021","link_detail_backend":"/materia/2538","metadata":{},"numero":11,"ano":2021,"numero_protocolo":null,"data_apresentacao":"2021-03-17","tipo_apresentacao":"","data_publicacao":null,"numero_origem_externa":"","ano_origem_externa":null,"data_origem_externa":null,"apelido":"","dias_prazo":null,"data_fim_prazo":null,"em_tramitacao":false,"polemica":false,"objeto":"","complementar":false,"ementa":"Parecer ao Projeto de Lei Municipal N\u00ba 016/2021, do Vereador Tchuco Ben\u00edcio, \u201cDisp\u00f5e sobre a inclus\u00e3o de medidas de capacita\u00e7\u00e3o socioemocional no projeto pedag\u00f3gico elaborado pelas escolas p\u00fablicas de educa\u00e7\u00e3o b\u00e1sica do Munic\u00edpio de Manacapuru\u201d. Parecer opinando pela CONSTITUCIONALIDADE e LEGALIDADE da nova lei.","indexacao":"","observacao":"","resultado":"","texto_original":"http://sapl.manacapuru.am.leg.br/media/sapl/public/materialegislativa/2021/2538/parecer_no_011-projeto_de_lei_municipal_no_016.pdf","data_ultima_atualizacao":"2021-04-28T12:10:59.062054-03:00","ip":"45.236.242.37","ultima_edicao":"2021-04-28T12:09:55.457906-03:00","tipo":11,"regime_tramitacao":1,"tipo_origem_externa":null,"local_origem_externa":null,"user":7,"anexadas":[1998],"autores":[18]}