{"id":2534,"__str__":"Parecer CLJRF/CMM n\u00ba 7 de 2021","link_detail_backend":"/materia/2534","metadata":{},"numero":7,"ano":2021,"numero_protocolo":null,"data_apresentacao":"2021-03-17","tipo_apresentacao":"","data_publicacao":null,"numero_origem_externa":"","ano_origem_externa":null,"data_origem_externa":null,"apelido":"","dias_prazo":null,"data_fim_prazo":null,"em_tramitacao":false,"polemica":false,"objeto":"","complementar":false,"ementa":"Parecer pela CONSTITUCIONALIDADE e LEGALIDADE da nova lei. referente ao Projeto de Lei Municipal N\u00ba 009/2021, do Vereador Tchuco Ben\u00edcio, \u201cDisp\u00f5e sobre a pol\u00edtica complementar espec\u00edfica de prote\u00e7\u00e3o \u00e0 sa\u00fade p\u00fablica, com o retorno \u00e0s aulas presenciais no Munic\u00edpio de Manacapuru\u201d.","indexacao":"","observacao":"","resultado":"","texto_original":"http://sapl.manacapuru.am.leg.br/media/sapl/public/materialegislativa/2021/2534/parecer_no_007-projeto_de_lei_municipal_no_009.pdf","data_ultima_atualizacao":"2021-04-28T12:05:16.024757-03:00","ip":"45.236.242.37","ultima_edicao":"2021-04-28T12:02:25.075134-03:00","tipo":11,"regime_tramitacao":1,"tipo_origem_externa":null,"local_origem_externa":null,"user":7,"anexadas":[1948],"autores":[18]}