{"id":2143,"__str__":"Requerimento Legislativo n\u00ba 343 de 2021","link_detail_backend":"/materia/2143","metadata":{},"numero":343,"ano":2021,"numero_protocolo":null,"data_apresentacao":"2021-03-22","tipo_apresentacao":"E","data_publicacao":null,"numero_origem_externa":"","ano_origem_externa":null,"data_origem_externa":null,"apelido":"","dias_prazo":null,"data_fim_prazo":null,"em_tramitacao":false,"polemica":false,"objeto":"","complementar":false,"ementa":"REQUER NA FORMA REGIMENTAL, QUE O PRESENTE EXPEDIENTE SEJA ENCAMINHADO AO EXCELENT\u00cdSSIMO SENHOR PREFEITO MUNICIPAL DE MANACAPURU \u2013 BETANAEL DA SILVA D\u2019\u00c2NGELO, COM C\u00d3PIA AO ILUSTR\u00cdSSIMO SENHOR SECRET\u00c1RIO MUNICIPAL DE SA\u00daDE \u2013 RODRIGO F\u00c1BIO BALBI SARAIVA, SECRET\u00c1RIO DE ASSISTENCIA SOCIAL \u2013 ROSINALDO CAVALCANTE MOURA DEPUTADO FEDERAL \u2013 \u00c1TILA LINS, DEPUTADO ESTADUAL\u2013 BELARMINO LINS, SUGERINDO, CENTRO DE REABILITA\u00c7\u00c3O PARA PESSOAS AUTISTAS - TEA.","indexacao":"","observacao":"","resultado":"","texto_original":"http://sapl.manacapuru.am.leg.br/media/sapl/public/materialegislativa/2021/2143/343-paulo-centro_de_reabilitacao.pdf","data_ultima_atualizacao":"2021-03-23T09:09:16.763798-03:00","ip":"45.236.242.37","ultima_edicao":"2021-03-23T09:08:23.009173-03:00","tipo":3,"regime_tramitacao":1,"tipo_origem_externa":null,"local_origem_externa":null,"user":65,"anexadas":[],"autores":[160]}