{"id":14158,"__str__":"Requerimento Legislativo n\u00ba 137 de 2024","link_detail_backend":"/materia/14158","metadata":{},"numero":137,"ano":2024,"numero_protocolo":null,"data_apresentacao":"2024-02-09","tipo_apresentacao":"E","data_publicacao":null,"numero_origem_externa":"","ano_origem_externa":null,"data_origem_externa":null,"apelido":"","dias_prazo":null,"data_fim_prazo":null,"em_tramitacao":false,"polemica":false,"objeto":"","complementar":false,"ementa":"REQUER NA FORMA REGIMENTAL, QUE O PRESENTE EXPEDIENTE SEJA ENCAMINHADO AO EXCELENT\u00cdSSIMO SENHOR PRESIDENTE DA C\u00c2MARA MUNICIPAL DE MANACAPURU \u2013 THUCO BENICIO, SOLICITANDO: A REALIZA\u00c7\u00c3O DE SESS\u00c3O SOLENE, EM ALUS\u00c3O AO DIA DO PROFESSOR COMERADO NACIONALMENTE NO DIA 15 DE OUTUBRO, A SER REALIZADO NO DIA 23 DE FEVEREIRO NO PLEN\u00c1RIO DESTA CASA.","indexacao":"","observacao":"","resultado":"","texto_original":"http://sapl.manacapuru.am.leg.br/media/sapl/public/materialegislativa/2024/14158/141-2024-ivan_moreira-servico_de_capina_limpeza_nos_meio_fios_e_calccadas.pdf","data_ultima_atualizacao":"2024-02-15T10:02:31.485392-03:00","ip":"45.231.131.192","ultima_edicao":"2024-02-15T10:01:49.637918-03:00","tipo":3,"regime_tramitacao":1,"tipo_origem_externa":null,"local_origem_externa":null,"user":62,"anexadas":[],"autores":[159]}