{"id":13821,"__str__":"Parecer CLJRF/CMM n\u00ba 314 de 2023","link_detail_backend":"/materia/13821","metadata":{},"numero":314,"ano":2023,"numero_protocolo":null,"data_apresentacao":"2023-12-13","tipo_apresentacao":"E","data_publicacao":null,"numero_origem_externa":"","ano_origem_externa":null,"data_origem_externa":null,"apelido":"","dias_prazo":null,"data_fim_prazo":null,"em_tramitacao":false,"polemica":false,"objeto":"","complementar":false,"ementa":"Da Comiss\u00e3o de Legisla\u00e7\u00e3o, Justi\u00e7a e Reda\u00e7\u00e3o Final da C\u00e2mara Municipal de Manacapuru, ao PROJETO DE LEI MUNICIPAL N\u00ba 275/2023, do Vereador Junior de Paula, \u201cDisp\u00f5e sobre a isen\u00e7\u00e3o de taxas de manejo de supress\u00e3o e poda de \u00e1rvores para pessoas de baixa renda\u201d.","indexacao":"","observacao":"","resultado":"","texto_original":"http://sapl.manacapuru.am.leg.br/media/sapl/public/materialegislativa/2023/13821/parecer_no_314-projeto_de_lei_municipal_no_275-de_paula.pdf","data_ultima_atualizacao":"2023-12-18T11:11:11.679543-03:00","ip":"45.231.131.199","ultima_edicao":"2023-12-18T11:10:33.389416-03:00","tipo":11,"regime_tramitacao":1,"tipo_origem_externa":null,"local_origem_externa":null,"user":7,"anexadas":[13802],"autores":[18]}