{"id":13725,"__str__":"Parecer CLJRF/CMM n\u00ba 298 de 2023","link_detail_backend":"/materia/13725","metadata":{},"numero":298,"ano":2023,"numero_protocolo":null,"data_apresentacao":"2023-12-11","tipo_apresentacao":"E","data_publicacao":null,"numero_origem_externa":"","ano_origem_externa":null,"data_origem_externa":null,"apelido":"","dias_prazo":null,"data_fim_prazo":null,"em_tramitacao":false,"polemica":false,"objeto":"","complementar":false,"ementa":"Da Comiss\u00e3o de Legisla\u00e7\u00e3o, Justi\u00e7a e Reda\u00e7\u00e3o Final da C\u00e2mara Municipal de Manacapuru, ao PROJETO DE LEI MUNICIPAL N\u00ba 278/2023, do Vereador Willace Sapo \u201cConcede T\u00edtulo de Utilidade P\u00fablica ao Instituto O Semear\u201d.","indexacao":"","observacao":"","resultado":"","texto_original":"http://sapl.manacapuru.am.leg.br/media/sapl/public/materialegislativa/2023/13725/parecer_no_298-projeto_de_lei_municipal_no_278-willace.pdf","data_ultima_atualizacao":"2023-12-15T10:52:02.194809-03:00","ip":"45.231.131.200","ultima_edicao":"2023-12-15T10:51:03.729459-03:00","tipo":11,"regime_tramitacao":1,"tipo_origem_externa":null,"local_origem_externa":null,"user":7,"anexadas":[13724],"autores":[18]}