{"id":13600,"__str__":"Parecer CLJRF/CMM n\u00ba 293 de 2023","link_detail_backend":"/materia/13600","metadata":{},"numero":293,"ano":2023,"numero_protocolo":null,"data_apresentacao":"2023-12-04","tipo_apresentacao":"E","data_publicacao":null,"numero_origem_externa":"","ano_origem_externa":null,"data_origem_externa":null,"apelido":"","dias_prazo":null,"data_fim_prazo":null,"em_tramitacao":false,"polemica":false,"objeto":"","complementar":false,"ementa":"Da Comiss\u00e3o de Legisla\u00e7\u00e3o, Justi\u00e7a e Reda\u00e7\u00e3o Final da C\u00e2mara Municipal de Manacapuru, ao PROJETO DE LEI MUNICIPAL N\u00ba 257/2023,   do Vereador Tchuco Ben\u00edcio, \u201cDisp\u00f5e sobre a prioridade na matr\u00edcula em creches municipais \u00e0s crian\u00e7as pertencentes \u00e0 fam\u00edlia monoparental\u201d.","indexacao":"","observacao":"","resultado":"","texto_original":"http://sapl.manacapuru.am.leg.br/media/sapl/public/materialegislativa/2023/13600/parecer_no_293-projeto_de_lei_municipal_no_257-tchuco.pdf","data_ultima_atualizacao":"2023-12-05T10:11:31.115355-03:00","ip":"45.231.131.199","ultima_edicao":"2023-12-05T10:10:29.358460-03:00","tipo":11,"regime_tramitacao":1,"tipo_origem_externa":null,"local_origem_externa":null,"user":7,"anexadas":[13592],"autores":[18]}