{"id":13275,"__str__":"Parecer CLJRF/CMM n\u00ba 263 de 2023","link_detail_backend":"/materia/13275","metadata":{},"numero":263,"ano":2023,"numero_protocolo":null,"data_apresentacao":"2023-11-08","tipo_apresentacao":"E","data_publicacao":null,"numero_origem_externa":"","ano_origem_externa":null,"data_origem_externa":null,"apelido":"","dias_prazo":null,"data_fim_prazo":null,"em_tramitacao":false,"polemica":false,"objeto":"","complementar":false,"ementa":"Da Comiss\u00e3o de Legisla\u00e7\u00e3o, Justi\u00e7a e Reda\u00e7\u00e3o Final da C\u00e2mara Municipal de Manacapuru, ao PROJETO DE LEI MUNICIPAL N\u00ba 228/2023, do Vereador Tchuco Ben\u00edcio, \u201cInstitui a Semana Municipal de Combate aos Crimes Cibern\u00e9ticos e d\u00e1 outras provid\u00eancias\u201d.","indexacao":"","observacao":"","resultado":"","texto_original":"http://sapl.manacapuru.am.leg.br/media/sapl/public/materialegislativa/2023/13275/parecer_no_263-projeto_de_lei_municipal_no_228-tchuco.pdf","data_ultima_atualizacao":"2023-11-13T11:58:15.888163-03:00","ip":"45.190.21.56","ultima_edicao":"2023-11-13T11:57:39.718011-03:00","tipo":11,"regime_tramitacao":1,"tipo_origem_externa":null,"local_origem_externa":null,"user":7,"anexadas":[13247],"autores":[18]}