{"id":13273,"__str__":"Parecer CLJRF/CMM n\u00ba 261 de 2023","link_detail_backend":"/materia/13273","metadata":{},"numero":261,"ano":2023,"numero_protocolo":null,"data_apresentacao":"2023-11-08","tipo_apresentacao":"E","data_publicacao":null,"numero_origem_externa":"","ano_origem_externa":null,"data_origem_externa":null,"apelido":"","dias_prazo":null,"data_fim_prazo":null,"em_tramitacao":false,"polemica":false,"objeto":"","complementar":false,"ementa":"Da Comiss\u00e3o de Legisla\u00e7\u00e3o, Justi\u00e7a e Reda\u00e7\u00e3o Final da C\u00e2mara Municipal de Manacapuru, ao PROJETO DE LEI MUNICIPAL N\u00ba 226/2023, do Vereador Junior de Paula, \u201cDisp\u00f5e sobre o Evento Virada da Castra\u00e7\u00e3o, no munic\u00edpio de Manacapuru e d\u00e1 outras provid\u00eancias\u201d.","indexacao":"","observacao":"","resultado":"","texto_original":"http://sapl.manacapuru.am.leg.br/media/sapl/public/materialegislativa/2023/13273/parecer_no_261-projeto_de_lei_municipal_no_226-de_paula.pdf","data_ultima_atualizacao":"2023-11-13T11:55:44.470626-03:00","ip":"45.190.21.56","ultima_edicao":"2023-11-13T11:55:13.058402-03:00","tipo":11,"regime_tramitacao":1,"tipo_origem_externa":null,"local_origem_externa":null,"user":7,"anexadas":[13245],"autores":[18]}