{"id":12978,"__str__":"Parecer CLJRF/CMM n\u00ba 228 de 2023","link_detail_backend":"/materia/12978","metadata":{},"numero":228,"ano":2023,"numero_protocolo":null,"data_apresentacao":"2023-10-24","tipo_apresentacao":"E","data_publicacao":null,"numero_origem_externa":"","ano_origem_externa":null,"data_origem_externa":null,"apelido":"","dias_prazo":null,"data_fim_prazo":null,"em_tramitacao":false,"polemica":false,"objeto":"","complementar":false,"ementa":"Da Comiss\u00e3o de Legisla\u00e7\u00e3o, Justi\u00e7a e Reda\u00e7\u00e3o Final da C\u00e2mara Municipal de Manacapuru, ao PROJETO DE LEI MUNICIPAL N\u00ba 201/2023, do Vereador J\u00fanior de Paula, \u201cInstitui a \u201cSemana Municipal de conscientiza\u00e7\u00e3o e preven\u00e7\u00e3o da doen\u00e7a de Alzheimer\u201d e d\u00e1 outras provid\u00eancias\u201d","indexacao":"","observacao":"","resultado":"","texto_original":"http://sapl.manacapuru.am.leg.br/media/sapl/public/materialegislativa/2023/12978/parecer_no_228-projeto_de_lei_municipal_no_201-de_paula.pdf","data_ultima_atualizacao":"2023-10-26T12:59:07.558798-03:00","ip":"45.190.21.56","ultima_edicao":"2023-10-26T12:58:35.534397-03:00","tipo":11,"regime_tramitacao":1,"tipo_origem_externa":null,"local_origem_externa":null,"user":7,"anexadas":[12937],"autores":[18]}