{"id":11982,"__str__":"Parecer CLJRF/CMM n\u00ba 173 de 2023","link_detail_backend":"/materia/11982","metadata":{},"numero":173,"ano":2023,"numero_protocolo":null,"data_apresentacao":"2023-08-21","tipo_apresentacao":"E","data_publicacao":null,"numero_origem_externa":"","ano_origem_externa":null,"data_origem_externa":null,"apelido":"","dias_prazo":null,"data_fim_prazo":null,"em_tramitacao":false,"polemica":false,"objeto":"","complementar":false,"ementa":"Da Comiss\u00e3o de Legisla\u00e7\u00e3o, Justi\u00e7a e Reda\u00e7\u00e3o Final da C\u00e2mara Municipal de Manacapuru, ao PROJETO DE DECRETO LEGISLATIVO N\u00ba 021/2023, do Vereador Gerson D\u2019\u00c2ngelo, que \u201cConcede T\u00edtulo de Cidad\u00e3o Benem\u00e9rito de Manacapuru ao Senhor, Glen Wilde de Lago Freitas e d\u00e1 outras provid\u00eancias\u201d.","indexacao":"","observacao":"","resultado":"","texto_original":"http://sapl.manacapuru.am.leg.br/media/sapl/public/materialegislativa/2023/11982/parecer_no_173-projeto_de_decreto_legislativo_no_021-gerson.pdf","data_ultima_atualizacao":"2023-08-23T11:17:34.754605-03:00","ip":"45.231.131.205","ultima_edicao":"2023-08-23T11:16:42.394198-03:00","tipo":11,"regime_tramitacao":1,"tipo_origem_externa":null,"local_origem_externa":null,"user":7,"anexadas":[11990],"autores":[18]}