{"id":11884,"__str__":"Parecer CLJRF/CMM n\u00ba 157 de 2023","link_detail_backend":"/materia/11884","metadata":{},"numero":157,"ano":2023,"numero_protocolo":null,"data_apresentacao":"2023-06-28","tipo_apresentacao":"E","data_publicacao":null,"numero_origem_externa":"","ano_origem_externa":null,"data_origem_externa":null,"apelido":"","dias_prazo":null,"data_fim_prazo":null,"em_tramitacao":false,"polemica":false,"objeto":"","complementar":false,"ementa":"Da Comiss\u00e3o de Legisla\u00e7\u00e3o, Justi\u00e7a e Reda\u00e7\u00e3o Final da C\u00e2mara Municipal de Manacapuru, ao PROJETO DE LEI MUNICIPAL N\u00ba 131/2023, do Vereador Tchuco Ben\u00edcio, que \u2018Institui a Pol\u00edtica Municipal de Aten\u00e7\u00e3o Integral \u00e0 Pessoa com Ansiedade\u2019.","indexacao":"","observacao":"","resultado":"","texto_original":"http://sapl.manacapuru.am.leg.br/media/sapl/public/materialegislativa/2023/11884/parecer_no_157-projeto_de_lei_municipal_no_131-tchuco.pdf","data_ultima_atualizacao":"2023-08-17T10:59:43.150242-03:00","ip":"45.231.131.197","ultima_edicao":"2023-08-17T10:59:01.728664-03:00","tipo":11,"regime_tramitacao":1,"tipo_origem_externa":null,"local_origem_externa":null,"user":7,"anexadas":[11863],"autores":[18]}