{"id":11739,"__str__":"Indica\u00e7\u00e3o Legislativa n\u00ba 419 de 2023","link_detail_backend":"/materia/11739","metadata":{},"numero":419,"ano":2023,"numero_protocolo":null,"data_apresentacao":"2023-08-10","tipo_apresentacao":"E","data_publicacao":null,"numero_origem_externa":"","ano_origem_externa":null,"data_origem_externa":null,"apelido":"","dias_prazo":null,"data_fim_prazo":null,"em_tramitacao":false,"polemica":false,"objeto":"","complementar":false,"ementa":"REQUER NA FORMA REGIMENTAL, QUE O PRESENTE EXPEDIENTE SEJA ENCAMINHADO AO EXCELENT\u00cdSSIMO SENHOR GOVERNADOR DO AMAZONAS \u2013 WILSON MIRANDA LIMA, COM C\u00d3PIA A DEPUTADA ESTADUAL \u2013 ALESSANDRA CAMP\u00caLO, AO SECRET\u00c1RIO CHEFE DA CASA CIVIL \u2013 FL\u00c1VIO ANTONY FILHO, AO SECRET\u00c1RIO DA SECRETARIA DE PRODU\u00c7\u00c3O RURAL DO AMAZONAS (SEPROR) \u2013 PETR\u00daCIO DE MAGALH\u00c3ES J\u00daNIOR, SOLICITANDO UNI\u00c3O DE ESFOR\u00c7OS PARA QUE SEJA INCLU\u00cdDO NO CALEND\u00c1RIO DE ATIVIDADES DO SISTEMA SEPROR/ IDAM/ADAF/ADS, ESTUDOS APROFUNDADOS COM OBJETIVO DE REALIZA\u00c7\u00c3O DA 1\u00ba FEIRA E EXPOSI\u00c7\u00c3O DE PRODUTOS AGROPECU\u00c1RIOS E A 1\u00ba FEIRA DE PRODUTOS REGIONAIS DA AGRICULTURA FAMILIAR DE MANACAPURU.","indexacao":"","observacao":"","resultado":"","texto_original":"http://sapl.manacapuru.am.leg.br/media/sapl/public/materialegislativa/2023/11739/419-2023-wanderley-1o_feira_e_exposicao_....pdf","data_ultima_atualizacao":"2023-08-10T13:06:37.319386-03:00","ip":"168.0.229.234","ultima_edicao":"2023-08-10T13:06:11.380921-03:00","tipo":8,"regime_tramitacao":1,"tipo_origem_externa":null,"local_origem_externa":null,"user":7,"anexadas":[],"autores":[164]}