{"id":11396,"__str__":"Parecer CLJRF/CMM n\u00ba 149 de 2023","link_detail_backend":"/materia/11396","metadata":{},"numero":149,"ano":2023,"numero_protocolo":null,"data_apresentacao":"2023-06-20","tipo_apresentacao":"E","data_publicacao":null,"numero_origem_externa":"","ano_origem_externa":null,"data_origem_externa":null,"apelido":"","dias_prazo":null,"data_fim_prazo":null,"em_tramitacao":false,"polemica":false,"objeto":"","complementar":false,"ementa":"Da Comiss\u00e3o de Legisla\u00e7\u00e3o, Justi\u00e7a e Reda\u00e7\u00e3o Final da C\u00e2mara Municipal de Manacapuru, ao PROJETO DE DECRETO LEGISLATIVO N\u00ba 016/2023, de autoria do Vereador J\u00fanior de Paula, que \u2018Concede Medalha de Honra ao M\u00e9rito Municipal Jamil Seffair, ao Senhor Edy Soriano dos Santos, Enfermeiro do Hospital Geral de Manacapuru\u2019.","indexacao":"","observacao":"","resultado":"","texto_original":"http://sapl.manacapuru.am.leg.br/media/sapl/public/materialegislativa/2023/11396/parecer_no_149-projeto_de_decreto_legislativo_no_016-de_paula.pdf","data_ultima_atualizacao":"2023-06-22T10:10:30.472535-03:00","ip":"45.236.243.91","ultima_edicao":"2023-06-22T10:09:50.181222-03:00","tipo":11,"regime_tramitacao":1,"tipo_origem_externa":null,"local_origem_externa":null,"user":7,"anexadas":[11398],"autores":[18]}