{"id":10552,"__str__":"Parecer CLJRF/CMM n\u00ba 90 de 2023","link_detail_backend":"/materia/10552","metadata":{},"numero":90,"ano":2023,"numero_protocolo":null,"data_apresentacao":"2023-04-26","tipo_apresentacao":"E","data_publicacao":null,"numero_origem_externa":"","ano_origem_externa":null,"data_origem_externa":null,"apelido":"","dias_prazo":null,"data_fim_prazo":null,"em_tramitacao":false,"polemica":false,"objeto":"","complementar":false,"ementa":"Da Comiss\u00e3o de Legisla\u00e7\u00e3o, Justi\u00e7a e Reda\u00e7\u00e3o Final da C\u00e2mara Municipal de Manacapuru, ao PROJETO DE LEI MUNICIPAL N\u00ba 077/2023, Ver. Willace Sapo, \u201cDisp\u00f5e sobre a cria\u00e7\u00e3o do projeto Envelhecimento Ativo no munic\u00edpio de Manacapuru\u201d.","indexacao":"","observacao":"","resultado":"","texto_original":"http://sapl.manacapuru.am.leg.br/media/sapl/public/materialegislativa/2023/10552/parecer_no_090-projeto_de_lei_municipal_no_077-willace.pdf","data_ultima_atualizacao":"2023-05-02T11:30:09.422920-03:00","ip":"45.236.243.92","ultima_edicao":"2023-05-02T11:29:15.329290-03:00","tipo":11,"regime_tramitacao":1,"tipo_origem_externa":null,"local_origem_externa":null,"user":7,"anexadas":[10558],"autores":[18]}