{"id":10530,"__str__":"Requerimento Legislativo n\u00ba 1246 de 2023","link_detail_backend":"/materia/10530","metadata":{},"numero":1246,"ano":2023,"numero_protocolo":null,"data_apresentacao":"2023-04-27","tipo_apresentacao":"E","data_publicacao":null,"numero_origem_externa":"","ano_origem_externa":null,"data_origem_externa":null,"apelido":"","dias_prazo":null,"data_fim_prazo":null,"em_tramitacao":false,"polemica":false,"objeto":"","complementar":false,"ementa":"REQUER NA FORMA REGIMENTAL, QUE O PRESENTE EXPEDIENTE SEJA ENCAMINHADO AO EXCELENT\u00cdSSIMO SENHOR PREFEITO MUNICIPAL DE MANACAPURU \u2013 BETANAEL DA SILVA D\u2019ANGELO E SECRETARIO MUNICIPAL DE OBRAS E SERVI\u00c7OS P\u00daBLICOS \u2013 PAULO ONETY DE SOUZA FILHO, COM C\u00d3PIAS AO SECRETARIO DE ESTADO DA PRODU\u00c7\u00c3O RURAL SEPROR \u2013 PETRUCIO PEREIRA DE MAGALH\u00c3ES, SOLICITANDO REFORMA E AMPLIA\u00c7\u00c3O DO CENTRO SOCIAL NA COMUNIDADE MANAIR\u00c3O LOCALIZADO NA ESTRADA AM 352 - MANACAPURU/NOVO AIR\u00c3O.","indexacao":"","observacao":"","resultado":"","texto_original":"http://sapl.manacapuru.am.leg.br/media/sapl/public/materialegislativa/2023/10530/1246-2023-mirian-reforma_e_ampliacao_do_centro_social_na_comunidade_manairao.pdf","data_ultima_atualizacao":"2023-05-02T10:02:12.578568-03:00","ip":"45.236.243.92","ultima_edicao":"2023-05-02T10:00:23.366513-03:00","tipo":3,"regime_tramitacao":1,"tipo_origem_externa":null,"local_origem_externa":null,"user":7,"anexadas":[],"autores":[161]}