{"id":10157,"__str__":"Indica\u00e7\u00e3o Legislativa n\u00ba 218 de 2023","link_detail_backend":"/materia/10157","metadata":{},"numero":218,"ano":2023,"numero_protocolo":null,"data_apresentacao":"2023-04-10","tipo_apresentacao":"E","data_publicacao":null,"numero_origem_externa":"","ano_origem_externa":null,"data_origem_externa":null,"apelido":"","dias_prazo":null,"data_fim_prazo":null,"em_tramitacao":false,"polemica":false,"objeto":"","complementar":false,"ementa":"REQUER NA FORMA REGIMENTAL, QUE O PRESENTE EXPEDIENTE SEJA ENCAMINHADO AO EXCELENT\u00cdSSIMO SENHOR DEPUTADO ESTADUAL CRISTIANO D\u2019ANGELO, SUGERINDO, A ELABORA\u00c7\u00c3O DE UM PROJETO DE LEI ESTADUAL, PARA QUE O CONSELHO REGIONAL DE ADMINISTRA\u00c7\u00c3O CONCEDA REGISTRO E CARTEIRA PROFISSIONAL AOS FORMANDOS DOS CURSOS DE N\u00cdVEL SUPERIOR SEQUENCIAL DE COMPLETA\u00c7\u00c3O DE ESTUDOS, NO ESTADO DO AMAZONAS.","indexacao":"","observacao":"","resultado":"","texto_original":"http://sapl.manacapuru.am.leg.br/media/sapl/public/materialegislativa/2023/10157/218-2023-ivan_moreira-registro_profissional_para_os_formandos_de_nivel_superior_sequencia_de_complemetacao_de_estudos_no_estado_do_amazona.pdf","data_ultima_atualizacao":"2023-04-11T12:29:35.284852-03:00","ip":"45.236.243.92","ultima_edicao":"2023-04-11T12:29:05.252188-03:00","tipo":8,"regime_tramitacao":1,"tipo_origem_externa":null,"local_origem_externa":null,"user":7,"anexadas":[],"autores":[159]}