{"id":390,"__str__":"Avulso - 5. RELA\u00c7\u00c3O DE SUBFUN\u00c7\u00d5ES de 17/10/2025 por PREFEITA MUNICIPAL VALCIL\u00c9IA MACIEL","link_detail_backend":"/materia/documentoacessorio/390","metadata":{},"nome":"5. RELA\u00c7\u00c3O DE SUBFUN\u00c7\u00d5ES","data":"2025-10-17","autor":"PREFEITA MUNICIPAL VALCIL\u00c9IA MACIEL","ementa":"5. RELA\u00c7\u00c3O DE SUBFUN\u00c7\u00d5ES","indexacao":"","arquivo":"http://sapl.manacapuru.am.leg.br/media/sapl/public/documentoacessorio/2025/390/5._relacao_de_subfuncoes.pdf","data_ultima_atualizacao":"2025-10-17T14:22:43.749281-03:00","materia":21544,"tipo":3}